{"id":628,"date":"2025-04-23T17:58:06","date_gmt":"2025-04-23T17:58:06","guid":{"rendered":"https:\/\/mundoescolarydeoficina.com\/blog\/?p=628"},"modified":"2025-04-16T18:07:00","modified_gmt":"2025-04-16T18:07:00","slug":"la-silla-ejecutiva-que-cambio-mi-vida-laboral-mi-experiencia-personal","status":"publish","type":"post","link":"https:\/\/mundoescolarydeoficina.com\/blog\/la-silla-ejecutiva-que-cambio-mi-vida-laboral-mi-experiencia-personal\/","title":{"rendered":"La silla ejecutiva que cambi\u00f3 mi vida laboral: Mi experiencia personal"},"content":{"rendered":"<p>Cuando se trabaja desde casa, todas las reuniones, tareas y pendientes se hacen desde una computadora. Esto nos obliga a estar sentados varias horas al d\u00eda, lo que no es ideal para nuestra columna, piernas y postura en general.<\/p>\n<p>Por lo mismo uno pensar\u00eda que elegir una buena silla ser\u00eda una de las decisiones m\u00e1s importantes que podemos tomar para nuestro bienestar en el trabajo. Sin embargo, durante a\u00f1os, yo lo pas\u00e9 por alto. Me conform\u00e9 con lo \u201csuficientemente c\u00f3modo\u201d o con lo m\u00e1s barato. Hasta que un d\u00eda, mi espalda me dijo \u201c\u00a1basta!\u201d.<\/p>\n<p>Ese fue el punto de quiebre. El momento en que decid\u00ed que necesitaba invertir en algo que realmente marcara una diferencia. Y as\u00ed comenz\u00f3 mi b\u00fasqueda de <a href=\"https:\/\/mundoescolarydeoficina.com\/sillas-ejecutivas.php\"><strong>sillas ejecutivas<\/strong><\/a> que realmente fueran ergon\u00f3micas. Spoiler: la encontr\u00e9. Y s\u00ed, puedo decir sin exagerar que cambi\u00f3 mi vida dentro y fuera del trabajo.<\/p>\n<h2>El antes: incomodidad disfrazada de rutina<\/h2>\n<p>Durante mucho tiempo trabaj\u00e9 en una silla sin buen soporte lumbar, con ruedas flojas y sin ajuste de altura. Era una silla que, aunque pod\u00eda decir que se ve\u00eda \u201cpresentable\u201d, no ten\u00eda ning\u00fan tipo de ergonom\u00eda real.<\/p>\n<p><img loading=\"lazy\" decoding=\"async\" class=\"aligncenter size-large wp-image-634\" src=\"https:\/\/mundoescolarydeoficina.com\/blog\/wp-content\/uploads\/2025\/04\/La-silla-ejecutiva-que-cambio-mi-vida-laboral-Mi-experiencia-personal-2-min-1024x732.jpg\" alt=\"Sillas ejecutivas\" width=\"640\" height=\"458\" srcset=\"https:\/\/mundoescolarydeoficina.com\/blog\/wp-content\/uploads\/2025\/04\/La-silla-ejecutiva-que-cambio-mi-vida-laboral-Mi-experiencia-personal-2-min-1024x732.jpg 1024w, https:\/\/mundoescolarydeoficina.com\/blog\/wp-content\/uploads\/2025\/04\/La-silla-ejecutiva-que-cambio-mi-vida-laboral-Mi-experiencia-personal-2-min-300x214.jpg 300w, https:\/\/mundoescolarydeoficina.com\/blog\/wp-content\/uploads\/2025\/04\/La-silla-ejecutiva-que-cambio-mi-vida-laboral-Mi-experiencia-personal-2-min-768x549.jpg 768w, https:\/\/mundoescolarydeoficina.com\/blog\/wp-content\/uploads\/2025\/04\/La-silla-ejecutiva-que-cambio-mi-vida-laboral-Mi-experiencia-personal-2-min-1536x1097.jpg 1536w, https:\/\/mundoescolarydeoficina.com\/blog\/wp-content\/uploads\/2025\/04\/La-silla-ejecutiva-que-cambio-mi-vida-laboral-Mi-experiencia-personal-2-min-1568x1120.jpg 1568w, https:\/\/mundoescolarydeoficina.com\/blog\/wp-content\/uploads\/2025\/04\/La-silla-ejecutiva-que-cambio-mi-vida-laboral-Mi-experiencia-personal-2-min.jpg 1926w\" sizes=\"(max-width: 640px) 100vw, 640px\" \/><\/p>\n<p>Las consecuencias llegaron poco a poco: dolores de espalda al final del d\u00eda, rigidez en el cuello, calambres en las piernas y, lo m\u00e1s preocupante, una ca\u00edda considerable en mi nivel de concentraci\u00f3n y productividad. Pasaba un rato sentada y buscaba cualquier excusa para levantarme y hacer otra cosa.<\/p>\n<p>Pero lo peor de todo era que me hab\u00eda acostumbrado. Pensaba que sentirse as\u00ed despu\u00e9s del trabajo era \u201cnormal\u201d.<\/p>\n<h2>El cambio: descubriendo la ergonom\u00eda real<\/h2>\n<p>Cuando empec\u00e9 a investigar sobre <a href=\"https:\/\/mundoescolarydeoficina.com\/sillas-ejecutivas.php\"><strong>sillas ejecutivas<\/strong><\/a>, me di cuenta de que no se trataba solo de un capricho. Encontr\u00e9 art\u00edculos y recomendaciones de varias personas que hablaban de c\u00f3mo una buena silla deb\u00eda ajustarse a tu cuerpo, no al rev\u00e9s. Y entonces, llegu\u00e9 a Meydo Mobiliario.<\/p>\n<p>Desde el primer contacto, su equipo me asesor\u00f3 de manera profesional y cercana. Me explicaron las diferencias entre modelos, materiales, tipos de respaldo, bases, y lo m\u00e1s importante: c\u00f3mo elegir una silla que se adaptara a mi rutina diaria, a mi tipo de trabajo, e incluso al dise\u00f1o de mi espacio.<\/p>\n<p>Despu\u00e9s de revisar varios modelos, me decid\u00ed por una silla ejecutiva con soporte lumbar ajustable, asiento acojinado con <a href=\"https:\/\/mundoescolarydeoficina.com\/blog\/los-materiales-mas-resistentes-y-comodos-para-sillas-de-oficina\/\">hule espuma de alta densidad<\/a>, respaldo ergon\u00f3mico y una base s\u00f3lida con ruedas de nylon de alta resistencia. Era el modelo CETUS, uno de los m\u00e1s recomendados por su balance entre confort, funcionalidad y dise\u00f1o.<\/p>\n<h2>El despu\u00e9s: m\u00e1s enfoque, menos dolores<\/h2>\n<p>Con toda honestidad puedo decir que desde el primer d\u00eda not\u00e9 la diferencia. Sentarse en una silla dise\u00f1ada para cuidar tu postura es otro rollo completamente. Ya no ten\u00eda que reajustarme a cada rato o poner un coj\u00edn improvisado detr\u00e1s de la espalda.<\/p>\n<p>El respaldo se adaptaba a la curvatura natural de mi columna, el asiento ten\u00eda el tama\u00f1o y la firmeza adecuada, y la palanca de ajuste me permit\u00eda adaptar la altura a la perfecci\u00f3n seg\u00fan el tipo de tarea que realizara.<\/p>\n<p>Adem\u00e1s, descubr\u00ed que el tener una silla con <a href=\"https:\/\/mundoescolarydeoficina.com\/blog\/sillas-ejecutivas-un-trabajo-mas-comodo-y-una-imagen-mas-profesional\/\">buena movilidad y ruedas resistentes<\/a> pod\u00eda moverme con libertad entre mis espacios de trabajo sin interrupciones. No m\u00e1s crujidos. No m\u00e1s arrastrar la silla como si fuera un mueble viejo.<\/p>\n<p>A la segunda semana, los dolores comenzaron a desaparecer. Mi nivel de energ\u00eda aument\u00f3 y, para mi sorpresa, tambi\u00e9n lo hizo mi productividad. Ya no sent\u00eda necesidad de levantarme y distraerme cada 10 minutos. Me sent\u00eda m\u00e1s enfocada, menos cansada, e incluso con mejor \u00e1nimo. De verdad, nunca pens\u00e9 que una silla pudiera influir tanto en mi rendimiento diario, pero s\u00ed.<\/p>\n<h2>M\u00e1s all\u00e1 de la comodidad: un cambio de mentalidad<\/h2>\n<p>Invertir en una buena silla ejecutiva no solo me dio mayor comodidad, sino que tambi\u00e9n cambi\u00f3 la manera en que veo mi espacio de trabajo.<\/p>\n<p>Me hizo valorar m\u00e1s los peque\u00f1os detalles que marcan la diferencia en el d\u00eda a d\u00eda, adem\u00e1s de valorar m\u00e1s la salud de mi espalda. Ahora soy m\u00e1s consciente de lo importante que es contar con mobiliario ergon\u00f3mico y funcional, especialmente si trabajas largas horas frente a una computadora.<\/p>\n<p>Y lo mejor de todo es que en <a href=\"https:\/\/mundoescolarydeoficina.com\">Meydo Mobiliario<\/a> encontr\u00e9 la asesor\u00eda ideal para tomar esta decisi\u00f3n. No se trata solo de vender sillas, sino de entender las necesidades reales de cada persona. Su cat\u00e1logo est\u00e1 pensado para adaptarse a distintos perfiles, desde zonas secretariales hasta ejecutivos que pasan gran parte del d\u00eda en reuniones o frente a una pantalla.<\/p>\n<p><img loading=\"lazy\" decoding=\"async\" class=\"aligncenter size-large wp-image-635\" src=\"https:\/\/mundoescolarydeoficina.com\/blog\/wp-content\/uploads\/2025\/04\/La-silla-ejecutiva-que-cambio-mi-vida-laboral-Mi-experiencia-personal-3-min-1024x1024.jpg\" alt=\"Sillas ejecutivas\" width=\"640\" height=\"640\" srcset=\"https:\/\/mundoescolarydeoficina.com\/blog\/wp-content\/uploads\/2025\/04\/La-silla-ejecutiva-que-cambio-mi-vida-laboral-Mi-experiencia-personal-3-min-1024x1024.jpg 1024w, https:\/\/mundoescolarydeoficina.com\/blog\/wp-content\/uploads\/2025\/04\/La-silla-ejecutiva-que-cambio-mi-vida-laboral-Mi-experiencia-personal-3-min-300x300.jpg 300w, https:\/\/mundoescolarydeoficina.com\/blog\/wp-content\/uploads\/2025\/04\/La-silla-ejecutiva-que-cambio-mi-vida-laboral-Mi-experiencia-personal-3-min-150x150.jpg 150w, https:\/\/mundoescolarydeoficina.com\/blog\/wp-content\/uploads\/2025\/04\/La-silla-ejecutiva-que-cambio-mi-vida-laboral-Mi-experiencia-personal-3-min-768x768.jpg 768w, https:\/\/mundoescolarydeoficina.com\/blog\/wp-content\/uploads\/2025\/04\/La-silla-ejecutiva-que-cambio-mi-vida-laboral-Mi-experiencia-personal-3-min-1536x1536.jpg 1536w, https:\/\/mundoescolarydeoficina.com\/blog\/wp-content\/uploads\/2025\/04\/La-silla-ejecutiva-que-cambio-mi-vida-laboral-Mi-experiencia-personal-3-min-1568x1568.jpg 1568w, https:\/\/mundoescolarydeoficina.com\/blog\/wp-content\/uploads\/2025\/04\/La-silla-ejecutiva-que-cambio-mi-vida-laboral-Mi-experiencia-personal-3-min.jpg 2048w\" sizes=\"(max-width: 640px) 100vw, 640px\" \/><\/p>\n<h2>En resumen: una inversi\u00f3n que vale cada peso<\/h2>\n<p>A veces pensamos que los problemas f\u00edsicos vienen con la edad o con el estr\u00e9s del trabajo e, indebidamente, los normalizamos. Pero muchas veces son el resultado directo de las herramientas que usamos mal. Elegir la silla correcta, como me pas\u00f3 a m\u00ed, puede marcar un antes y un despu\u00e9s en tu vida laboral.<\/p>\n<p>Si t\u00fa tambi\u00e9n est\u00e1s pensando en renovar tu espacio de trabajo o simplemente ya no soportas m\u00e1s esa silla inc\u00f3moda, no lo dudes. Visita Meydo Mobiliario, explora su cat\u00e1logo de <a href=\"https:\/\/mundoescolarydeoficina.com\/sillas-ejecutivas.php\"><strong>sillas ejecutivas<\/strong><\/a> y d\u00e9jate asesorar por expertos. Cr\u00e9eme, tu espalda, tu mente y tu productividad te lo van a agradecer.<\/p>\n<h2>\u00bfD\u00f3nde encontrar las mejores <a href=\"https:\/\/mundoescolarydeoficina.com\/sillas-de-oficina-cdmx.php\"><strong>sillas de oficina CDMX<\/strong><\/a><strong>?<\/strong><\/h2>\n<p>En Meydo contamos con 40 a\u00f1os de experiencia fabricando, vendiendo y distribuyendo <a href=\"https:\/\/mundoescolarydeoficina.com\/mobiliario-de-oficina.php\"><strong>mobiliario de oficina<\/strong><\/a><strong>, <\/strong>escuelas y restaurantes a toda la Rep\u00fablica, siendo nuestro fuerte la fabricaci\u00f3n de siller\u00edas de cualquier estilo y uso.<\/p>\n<p>Si quieres saber m\u00e1s al respecto de nuestros productos, no dudes en contactarnos a trav\u00e9s de nuestras l\u00edneas telef\u00f3nicas y <a href=\"tel:5550833208\">(55) 5083 3208<\/a> o a trav\u00e9s de alguno de nuestros correos electr\u00f3nicos: <a href=\"mailto:ventas@meydo.mx\">ventas@meydo.mx<\/a> o <a href=\"mailto:contacto@meydo.mx\">contacto@meydo.mx<\/a>.<\/p>\n<p>Si quieres ver nuestros productos en persona, puedes visitar nuestra sala de exhibici\u00f3n ubicada en Perif\u00e9rico Blvd. Manuel \u00c1vila Camacho #2251, Plazas de la Colina, 54080, Tlalnepantla, Estado de M\u00e9xico, M\u00e9xico. \u00a1Transforma tu espacio en un lugar ordenado, funcional y estilizado con la ayuda de los lockers!<\/p>\n","protected":false},"excerpt":{"rendered":"<p>Cuando se trabaja desde casa, todas las reuniones, tareas y pendientes se hacen desde una computadora. Esto nos obliga a estar sentados varias horas al d\u00eda, lo que no es ideal para nuestra columna, piernas y postura en general. Por lo mismo uno pensar\u00eda que elegir una buena silla ser\u00eda una de las decisiones m\u00e1s &hellip; <\/p>\n<p class=\"link-more\"><a href=\"https:\/\/mundoescolarydeoficina.com\/blog\/la-silla-ejecutiva-que-cambio-mi-vida-laboral-mi-experiencia-personal\/\" class=\"more-link\">Continuar leyendo<span class=\"screen-reader-text\"> &#8220;La silla ejecutiva que cambi\u00f3 mi vida laboral: Mi experiencia personal&#8221;<\/span><\/a><\/p>\n","protected":false},"author":1,"featured_media":636,"comment_status":"closed","ping_status":"closed","sticky":false,"template":"","format":"standard","meta":{"footnotes":""},"categories":[2],"tags":[],"yoast_head":"<!-- This site is optimized with the Yoast SEO plugin v20.3 - https:\/\/yoast.com\/wordpress\/plugins\/seo\/ -->\n<title>La silla ejecutiva que cambi\u00f3 mi vida laboral: Mi experiencia personal<\/title>\n<meta name=\"description\" content=\"La silla ejecutiva correcta para mi trabajo, me cambi\u00f3 la vida. Pas\u00e9 de tener dolores y baja productividad, a estar en mi mejor momento laboral\" \/>\n<meta name=\"robots\" content=\"index, follow, max-snippet:-1, max-image-preview:large, max-video-preview:-1\" \/>\n<link rel=\"canonical\" href=\"https:\/\/mundoescolarydeoficina.com\/blog\/la-silla-ejecutiva-que-cambio-mi-vida-laboral-mi-experiencia-personal\/\" \/>\n<meta property=\"og:locale\" content=\"es_MX\" \/>\n<meta property=\"og:type\" content=\"article\" \/>\n<meta property=\"og:title\" content=\"La silla ejecutiva que cambi\u00f3 mi vida laboral: Mi experiencia personal\" \/>\n<meta property=\"og:description\" content=\"La silla ejecutiva correcta para mi trabajo, me cambi\u00f3 la vida. Pas\u00e9 de tener dolores y baja productividad, a estar en mi mejor momento laboral\" \/>\n<meta property=\"og:url\" content=\"https:\/\/mundoescolarydeoficina.com\/blog\/la-silla-ejecutiva-que-cambio-mi-vida-laboral-mi-experiencia-personal\/\" \/>\n<meta property=\"og:site_name\" content=\"MEYDO\" \/>\n<meta property=\"article:published_time\" content=\"2025-04-23T17:58:06+00:00\" \/>\n<meta property=\"article:modified_time\" content=\"2025-04-16T18:07:00+00:00\" \/>\n<meta property=\"og:image\" content=\"https:\/\/mundoescolarydeoficina.com\/blog\/wp-content\/uploads\/2025\/04\/La-silla-ejecutiva-que-cambio-mi-vida-laboral-Mi-experiencia-personal-min.jpg\" \/>\n\t<meta property=\"og:image:width\" content=\"2048\" \/>\n\t<meta property=\"og:image:height\" content=\"1365\" \/>\n\t<meta property=\"og:image:type\" content=\"image\/jpeg\" \/>\n<meta name=\"author\" content=\"programacion\" \/>\n<meta name=\"twitter:card\" content=\"summary_large_image\" \/>\n<meta name=\"twitter:label1\" content=\"Escrito por\" \/>\n\t<meta name=\"twitter:data1\" content=\"programacion\" \/>\n\t<meta name=\"twitter:label2\" content=\"Tiempo de lectura\" \/>\n\t<meta name=\"twitter:data2\" content=\"5 minutos\" \/>\n<script type=\"application\/ld+json\" class=\"yoast-schema-graph\">{\"@context\":\"https:\/\/schema.org\",\"@graph\":[{\"@type\":\"WebPage\",\"@id\":\"https:\/\/mundoescolarydeoficina.com\/blog\/la-silla-ejecutiva-que-cambio-mi-vida-laboral-mi-experiencia-personal\/\",\"url\":\"https:\/\/mundoescolarydeoficina.com\/blog\/la-silla-ejecutiva-que-cambio-mi-vida-laboral-mi-experiencia-personal\/\",\"name\":\"La silla ejecutiva que cambi\u00f3 mi vida laboral: Mi experiencia personal\",\"isPartOf\":{\"@id\":\"https:\/\/mundoescolarydeoficina.com\/blog\/#website\"},\"datePublished\":\"2025-04-23T17:58:06+00:00\",\"dateModified\":\"2025-04-16T18:07:00+00:00\",\"author\":{\"@id\":\"https:\/\/mundoescolarydeoficina.com\/blog\/#\/schema\/person\/670ae5de61ba128124e208e92e96b6a4\"},\"description\":\"La silla ejecutiva correcta para mi trabajo, me cambi\u00f3 la vida. Pas\u00e9 de tener dolores y baja productividad, a estar en mi mejor momento laboral\",\"breadcrumb\":{\"@id\":\"https:\/\/mundoescolarydeoficina.com\/blog\/la-silla-ejecutiva-que-cambio-mi-vida-laboral-mi-experiencia-personal\/#breadcrumb\"},\"inLanguage\":\"es\",\"potentialAction\":[{\"@type\":\"ReadAction\",\"target\":[\"https:\/\/mundoescolarydeoficina.com\/blog\/la-silla-ejecutiva-que-cambio-mi-vida-laboral-mi-experiencia-personal\/\"]}]},{\"@type\":\"BreadcrumbList\",\"@id\":\"https:\/\/mundoescolarydeoficina.com\/blog\/la-silla-ejecutiva-que-cambio-mi-vida-laboral-mi-experiencia-personal\/#breadcrumb\",\"itemListElement\":[{\"@type\":\"ListItem\",\"position\":1,\"name\":\"Inicio\",\"item\":\"https:\/\/mundoescolarydeoficina.com\/blog\/\"},{\"@type\":\"ListItem\",\"position\":2,\"name\":\"La silla ejecutiva que cambi\u00f3 mi vida laboral: Mi experiencia personal\"}]},{\"@type\":\"WebSite\",\"@id\":\"https:\/\/mundoescolarydeoficina.com\/blog\/#website\",\"url\":\"https:\/\/mundoescolarydeoficina.com\/blog\/\",\"name\":\"MEYDO\",\"description\":\"\",\"potentialAction\":[{\"@type\":\"SearchAction\",\"target\":{\"@type\":\"EntryPoint\",\"urlTemplate\":\"https:\/\/mundoescolarydeoficina.com\/blog\/?s={search_term_string}\"},\"query-input\":\"required name=search_term_string\"}],\"inLanguage\":\"es\"},{\"@type\":\"Person\",\"@id\":\"https:\/\/mundoescolarydeoficina.com\/blog\/#\/schema\/person\/670ae5de61ba128124e208e92e96b6a4\",\"name\":\"programacion\",\"image\":{\"@type\":\"ImageObject\",\"inLanguage\":\"es\",\"@id\":\"https:\/\/mundoescolarydeoficina.com\/blog\/#\/schema\/person\/image\/\",\"url\":\"https:\/\/secure.gravatar.com\/avatar\/d8e34e41fe8ff33d333a896dcf406917?s=96&d=mm&r=g\",\"contentUrl\":\"https:\/\/secure.gravatar.com\/avatar\/d8e34e41fe8ff33d333a896dcf406917?s=96&d=mm&r=g\",\"caption\":\"programacion\"},\"sameAs\":[\"https:\/\/mundoescolarydeoficina.com\/blog\"],\"url\":\"https:\/\/mundoescolarydeoficina.com\/blog\/author\/programacion\/\"}]}<\/script>\n<!-- \/ Yoast SEO plugin. -->","yoast_head_json":{"title":"La silla ejecutiva que cambi\u00f3 mi vida laboral: Mi experiencia personal","description":"La silla ejecutiva correcta para mi trabajo, me cambi\u00f3 la vida. Pas\u00e9 de tener dolores y baja productividad, a estar en mi mejor momento laboral","robots":{"index":"index","follow":"follow","max-snippet":"max-snippet:-1","max-image-preview":"max-image-preview:large","max-video-preview":"max-video-preview:-1"},"canonical":"https:\/\/mundoescolarydeoficina.com\/blog\/la-silla-ejecutiva-que-cambio-mi-vida-laboral-mi-experiencia-personal\/","og_locale":"es_MX","og_type":"article","og_title":"La silla ejecutiva que cambi\u00f3 mi vida laboral: Mi experiencia personal","og_description":"La silla ejecutiva correcta para mi trabajo, me cambi\u00f3 la vida. Pas\u00e9 de tener dolores y baja productividad, a estar en mi mejor momento laboral","og_url":"https:\/\/mundoescolarydeoficina.com\/blog\/la-silla-ejecutiva-que-cambio-mi-vida-laboral-mi-experiencia-personal\/","og_site_name":"MEYDO","article_published_time":"2025-04-23T17:58:06+00:00","article_modified_time":"2025-04-16T18:07:00+00:00","og_image":[{"width":2048,"height":1365,"url":"https:\/\/mundoescolarydeoficina.com\/blog\/wp-content\/uploads\/2025\/04\/La-silla-ejecutiva-que-cambio-mi-vida-laboral-Mi-experiencia-personal-min.jpg","type":"image\/jpeg"}],"author":"programacion","twitter_card":"summary_large_image","twitter_misc":{"Escrito por":"programacion","Tiempo de lectura":"5 minutos"},"schema":{"@context":"https:\/\/schema.org","@graph":[{"@type":"WebPage","@id":"https:\/\/mundoescolarydeoficina.com\/blog\/la-silla-ejecutiva-que-cambio-mi-vida-laboral-mi-experiencia-personal\/","url":"https:\/\/mundoescolarydeoficina.com\/blog\/la-silla-ejecutiva-que-cambio-mi-vida-laboral-mi-experiencia-personal\/","name":"La silla ejecutiva que cambi\u00f3 mi vida laboral: Mi experiencia personal","isPartOf":{"@id":"https:\/\/mundoescolarydeoficina.com\/blog\/#website"},"datePublished":"2025-04-23T17:58:06+00:00","dateModified":"2025-04-16T18:07:00+00:00","author":{"@id":"https:\/\/mundoescolarydeoficina.com\/blog\/#\/schema\/person\/670ae5de61ba128124e208e92e96b6a4"},"description":"La silla ejecutiva correcta para mi trabajo, me cambi\u00f3 la vida. Pas\u00e9 de tener dolores y baja productividad, a estar en mi mejor momento laboral","breadcrumb":{"@id":"https:\/\/mundoescolarydeoficina.com\/blog\/la-silla-ejecutiva-que-cambio-mi-vida-laboral-mi-experiencia-personal\/#breadcrumb"},"inLanguage":"es","potentialAction":[{"@type":"ReadAction","target":["https:\/\/mundoescolarydeoficina.com\/blog\/la-silla-ejecutiva-que-cambio-mi-vida-laboral-mi-experiencia-personal\/"]}]},{"@type":"BreadcrumbList","@id":"https:\/\/mundoescolarydeoficina.com\/blog\/la-silla-ejecutiva-que-cambio-mi-vida-laboral-mi-experiencia-personal\/#breadcrumb","itemListElement":[{"@type":"ListItem","position":1,"name":"Inicio","item":"https:\/\/mundoescolarydeoficina.com\/blog\/"},{"@type":"ListItem","position":2,"name":"La silla ejecutiva que cambi\u00f3 mi vida laboral: Mi experiencia personal"}]},{"@type":"WebSite","@id":"https:\/\/mundoescolarydeoficina.com\/blog\/#website","url":"https:\/\/mundoescolarydeoficina.com\/blog\/","name":"MEYDO","description":"","potentialAction":[{"@type":"SearchAction","target":{"@type":"EntryPoint","urlTemplate":"https:\/\/mundoescolarydeoficina.com\/blog\/?s={search_term_string}"},"query-input":"required name=search_term_string"}],"inLanguage":"es"},{"@type":"Person","@id":"https:\/\/mundoescolarydeoficina.com\/blog\/#\/schema\/person\/670ae5de61ba128124e208e92e96b6a4","name":"programacion","image":{"@type":"ImageObject","inLanguage":"es","@id":"https:\/\/mundoescolarydeoficina.com\/blog\/#\/schema\/person\/image\/","url":"https:\/\/secure.gravatar.com\/avatar\/d8e34e41fe8ff33d333a896dcf406917?s=96&d=mm&r=g","contentUrl":"https:\/\/secure.gravatar.com\/avatar\/d8e34e41fe8ff33d333a896dcf406917?s=96&d=mm&r=g","caption":"programacion"},"sameAs":["https:\/\/mundoescolarydeoficina.com\/blog"],"url":"https:\/\/mundoescolarydeoficina.com\/blog\/author\/programacion\/"}]}},"_links":{"self":[{"href":"https:\/\/mundoescolarydeoficina.com\/blog\/wp-json\/wp\/v2\/posts\/628"}],"collection":[{"href":"https:\/\/mundoescolarydeoficina.com\/blog\/wp-json\/wp\/v2\/posts"}],"about":[{"href":"https:\/\/mundoescolarydeoficina.com\/blog\/wp-json\/wp\/v2\/types\/post"}],"author":[{"embeddable":true,"href":"https:\/\/mundoescolarydeoficina.com\/blog\/wp-json\/wp\/v2\/users\/1"}],"replies":[{"embeddable":true,"href":"https:\/\/mundoescolarydeoficina.com\/blog\/wp-json\/wp\/v2\/comments?post=628"}],"version-history":[{"count":1,"href":"https:\/\/mundoescolarydeoficina.com\/blog\/wp-json\/wp\/v2\/posts\/628\/revisions"}],"predecessor-version":[{"id":637,"href":"https:\/\/mundoescolarydeoficina.com\/blog\/wp-json\/wp\/v2\/posts\/628\/revisions\/637"}],"wp:featuredmedia":[{"embeddable":true,"href":"https:\/\/mundoescolarydeoficina.com\/blog\/wp-json\/wp\/v2\/media\/636"}],"wp:attachment":[{"href":"https:\/\/mundoescolarydeoficina.com\/blog\/wp-json\/wp\/v2\/media?parent=628"}],"wp:term":[{"taxonomy":"category","embeddable":true,"href":"https:\/\/mundoescolarydeoficina.com\/blog\/wp-json\/wp\/v2\/categories?post=628"},{"taxonomy":"post_tag","embeddable":true,"href":"https:\/\/mundoescolarydeoficina.com\/blog\/wp-json\/wp\/v2\/tags?post=628"}],"curies":[{"name":"wp","href":"https:\/\/api.w.org\/{rel}","templated":true}]}}